{"id":10455,"date":"2019-09-10T16:59:05","date_gmt":"2019-09-10T14:59:05","guid":{"rendered":"https:\/\/dorfgemeinschaft-stetten.de\/?p=10455"},"modified":"2019-09-10T17:07:41","modified_gmt":"2019-09-10T15:07:41","slug":"vom-baum-ins-glas","status":"publish","type":"post","link":"https:\/\/dorfgemeinschaft-stetten.de\/?p=10455","title":{"rendered":"Vom Baum ins Glas"},"content":{"rendered":"<p>Einladung zur Aktion Mosten<br \/>\nAm Samstag den 28.09.2019 m\u00f6chten wir uns um 9Uhr am Dorfhaus treffen, um miteinander \u00c4pfel zu sammeln. Nach erfolgreicher Ernte werden wir diese zusammen auf dem Schulhof zu Most (Apfelsaft) verarbeiten. Michael Meier wir uns hierbei mit seiner Mostpresse unterst\u00fctzen. Bitte bringt Beh\u00e4lter (Flaschen) mit, um den Saft abzuf\u00fcllen und mit nach Hause zu nehmen.<br \/>\nUm auch den kleinen Hunger zu stillen, werden wir parallel noch Apfelkuchen backen.<\/p>\n<div class=\"postie-attachments\"><a href=\"https:\/\/dorfgemeinschaft-stetten.de\/wp-content\/uploads\/2019\/09\/Vom-Baum-ins-Glas.pdf\"><img src='https:\/\/dorfgemeinschaft-stetten.de\/wp-content\/plugins\/postie\/icons\/silver\/pdf-32.png' alt='pdf icon' \/> Vom-Baum-ins-Glas.pdf<\/a><\/div>\n","protected":false},"excerpt":{"rendered":"<p>Einladung zur Aktion Mosten Am Samstag den 28.09.2019 m\u00f6chten wir uns um 9Uhr am Dorfhaus treffen, um miteinander \u00c4pfel zu sammeln. Nach erfolgreicher Ernte werden wir diese zusammen auf dem Schulhof zu Most (Apfelsaft) verarbeiten. Michael Meier wir uns hierbei mit seiner Mostpresse unterst\u00fctzen. Bitte bringt Beh\u00e4lter (Flaschen) mit, um den Saft abzuf\u00fcllen und mit&hellip;<\/p>\n","protected":false},"author":14,"featured_media":0,"comment_status":"open","ping_status":"open","sticky":false,"template":"","format":"standard","meta":{"footnotes":""},"categories":[1],"tags":[],"acf":[],"_links":{"self":[{"href":"https:\/\/dorfgemeinschaft-stetten.de\/index.php?rest_route=\/wp\/v2\/posts\/10455"}],"collection":[{"href":"https:\/\/dorfgemeinschaft-stetten.de\/index.php?rest_route=\/wp\/v2\/posts"}],"about":[{"href":"https:\/\/dorfgemeinschaft-stetten.de\/index.php?rest_route=\/wp\/v2\/types\/post"}],"author":[{"embeddable":true,"href":"https:\/\/dorfgemeinschaft-stetten.de\/index.php?rest_route=\/wp\/v2\/users\/14"}],"replies":[{"embeddable":true,"href":"https:\/\/dorfgemeinschaft-stetten.de\/index.php?rest_route=%2Fwp%2Fv2%2Fcomments&post=10455"}],"version-history":[{"count":0,"href":"https:\/\/dorfgemeinschaft-stetten.de\/index.php?rest_route=\/wp\/v2\/posts\/10455\/revisions"}],"wp:attachment":[{"href":"https:\/\/dorfgemeinschaft-stetten.de\/index.php?rest_route=%2Fwp%2Fv2%2Fmedia&parent=10455"}],"wp:term":[{"taxonomy":"category","embeddable":true,"href":"https:\/\/dorfgemeinschaft-stetten.de\/index.php?rest_route=%2Fwp%2Fv2%2Fcategories&post=10455"},{"taxonomy":"post_tag","embeddable":true,"href":"https:\/\/dorfgemeinschaft-stetten.de\/index.php?rest_route=%2Fwp%2Fv2%2Ftags&post=10455"}],"curies":[{"name":"wp","href":"https:\/\/api.w.org\/{rel}","templated":true}]}}