{"id":10527,"date":"2019-09-25T14:39:07","date_gmt":"2019-09-25T12:39:07","guid":{"rendered":"https:\/\/dorfgemeinschaft-stetten.de\/?p=10527"},"modified":"2019-09-25T14:41:46","modified_gmt":"2019-09-25T12:41:46","slug":"einladung-zur-oeffentlichen-gemeinderatssitzung-am-26-09-2019","status":"publish","type":"post","link":"https:\/\/dorfgemeinschaft-stetten.de\/?p=10527","title":{"rendered":"Einladung zur \u00f6ffentlichen Gemeinderatssitzung am 26.09.2019"},"content":{"rendered":"\n<p>Neben der M\u00f6glichkeit der offenen Fragestunde f\u00fcr B\u00fcrger steht die Vorentwurfsplanung f\u00fcr das B\u00fcrgerhaus in Stetten auf der Tagesordnung. Wer m\u00f6chte kann sich also selbst ein fundiertes Bild machen.<\/p>\n\n\n\n<p>Start ist um 20 Uhr im Sitzungssaal des Rathauses in Hohentengen.<\/p>\n","protected":false},"excerpt":{"rendered":"<p>Neben der M\u00f6glichkeit der offenen Fragestunde f\u00fcr B\u00fcrger steht die Vorentwurfsplanung f\u00fcr das B\u00fcrgerhaus in Stetten auf der Tagesordnung. Wer m\u00f6chte kann sich also selbst ein fundiertes Bild machen. Start ist um 20 Uhr im Sitzungssaal des Rathauses in Hohentengen.<\/p>\n","protected":false},"author":336,"featured_media":10528,"comment_status":"open","ping_status":"open","sticky":false,"template":"","format":"standard","meta":{"footnotes":""},"categories":[1,121],"tags":[],"acf":[],"_links":{"self":[{"href":"https:\/\/dorfgemeinschaft-stetten.de\/index.php?rest_route=\/wp\/v2\/posts\/10527"}],"collection":[{"href":"https:\/\/dorfgemeinschaft-stetten.de\/index.php?rest_route=\/wp\/v2\/posts"}],"about":[{"href":"https:\/\/dorfgemeinschaft-stetten.de\/index.php?rest_route=\/wp\/v2\/types\/post"}],"author":[{"embeddable":true,"href":"https:\/\/dorfgemeinschaft-stetten.de\/index.php?rest_route=\/wp\/v2\/users\/336"}],"replies":[{"embeddable":true,"href":"https:\/\/dorfgemeinschaft-stetten.de\/index.php?rest_route=%2Fwp%2Fv2%2Fcomments&post=10527"}],"version-history":[{"count":2,"href":"https:\/\/dorfgemeinschaft-stetten.de\/index.php?rest_route=\/wp\/v2\/posts\/10527\/revisions"}],"predecessor-version":[{"id":10530,"href":"https:\/\/dorfgemeinschaft-stetten.de\/index.php?rest_route=\/wp\/v2\/posts\/10527\/revisions\/10530"}],"wp:featuredmedia":[{"embeddable":true,"href":"https:\/\/dorfgemeinschaft-stetten.de\/index.php?rest_route=\/wp\/v2\/media\/10528"}],"wp:attachment":[{"href":"https:\/\/dorfgemeinschaft-stetten.de\/index.php?rest_route=%2Fwp%2Fv2%2Fmedia&parent=10527"}],"wp:term":[{"taxonomy":"category","embeddable":true,"href":"https:\/\/dorfgemeinschaft-stetten.de\/index.php?rest_route=%2Fwp%2Fv2%2Fcategories&post=10527"},{"taxonomy":"post_tag","embeddable":true,"href":"https:\/\/dorfgemeinschaft-stetten.de\/index.php?rest_route=%2Fwp%2Fv2%2Ftags&post=10527"}],"curies":[{"name":"wp","href":"https:\/\/api.w.org\/{rel}","templated":true}]}}