{"id":11184,"date":"2020-02-20T16:04:17","date_gmt":"2020-02-20T15:04:17","guid":{"rendered":"https:\/\/dorfgemeinschaft-stetten.de\/?p=11184"},"modified":"2020-02-20T16:08:32","modified_gmt":"2020-02-20T15:08:32","slug":"dg-stetten-jahresplan-2020","status":"publish","type":"post","link":"https:\/\/dorfgemeinschaft-stetten.de\/?p=11184","title":{"rendered":"DG Stetten Jahresplan 2020"},"content":{"rendered":"<p>Hallo Dorfgemeinschaft,<br \/>\ndas Jahr 2020 ist bereits einige Wochen alt. Nun folgt auch der neue Jahresplan der Dorfgemeinschaft. Wir die Vorstandschaft haben wieder einen interessanten und abwechslungsreichen Plan erstellt. Dieser Plan soll aber nicht in Stein gemei\u00dfelt sein. Falls es Ideen oder Anregungen gibt sind wir hierf\u00fcr immer offen.<br \/>\nAuf ein spannendes Jahr Gru\u00df Alexander Hupfer<\/p>\n<div class=\"postie-attachments\"><a href=\"https:\/\/dorfgemeinschaft-stetten.de\/wp-content\/uploads\/2020\/02\/Jahresplan-2020-DG-Stetten-.pdf\"><img src='https:\/\/dorfgemeinschaft-stetten.de\/wp-content\/plugins\/postie\/icons\/silver\/pdf-32.png' alt='pdf icon' \/> Jahresplan-2020-DG-Stetten-.pdf<\/a><\/div>\n","protected":false},"excerpt":{"rendered":"<p>Hallo Dorfgemeinschaft, das Jahr 2020 ist bereits einige Wochen alt. Nun folgt auch der neue Jahresplan der Dorfgemeinschaft. Wir die Vorstandschaft haben wieder einen interessanten und abwechslungsreichen Plan erstellt. Dieser Plan soll aber nicht in Stein gemei\u00dfelt sein. Falls es Ideen oder Anregungen gibt sind wir hierf\u00fcr immer offen. Auf ein spannendes Jahr Gru\u00df Alexander&hellip;<\/p>\n","protected":false},"author":14,"featured_media":0,"comment_status":"open","ping_status":"open","sticky":false,"template":"","format":"standard","meta":{"footnotes":""},"categories":[1],"tags":[],"acf":[],"_links":{"self":[{"href":"https:\/\/dorfgemeinschaft-stetten.de\/index.php?rest_route=\/wp\/v2\/posts\/11184"}],"collection":[{"href":"https:\/\/dorfgemeinschaft-stetten.de\/index.php?rest_route=\/wp\/v2\/posts"}],"about":[{"href":"https:\/\/dorfgemeinschaft-stetten.de\/index.php?rest_route=\/wp\/v2\/types\/post"}],"author":[{"embeddable":true,"href":"https:\/\/dorfgemeinschaft-stetten.de\/index.php?rest_route=\/wp\/v2\/users\/14"}],"replies":[{"embeddable":true,"href":"https:\/\/dorfgemeinschaft-stetten.de\/index.php?rest_route=%2Fwp%2Fv2%2Fcomments&post=11184"}],"version-history":[{"count":0,"href":"https:\/\/dorfgemeinschaft-stetten.de\/index.php?rest_route=\/wp\/v2\/posts\/11184\/revisions"}],"wp:attachment":[{"href":"https:\/\/dorfgemeinschaft-stetten.de\/index.php?rest_route=%2Fwp%2Fv2%2Fmedia&parent=11184"}],"wp:term":[{"taxonomy":"category","embeddable":true,"href":"https:\/\/dorfgemeinschaft-stetten.de\/index.php?rest_route=%2Fwp%2Fv2%2Fcategories&post=11184"},{"taxonomy":"post_tag","embeddable":true,"href":"https:\/\/dorfgemeinschaft-stetten.de\/index.php?rest_route=%2Fwp%2Fv2%2Ftags&post=11184"}],"curies":[{"name":"wp","href":"https:\/\/api.w.org\/{rel}","templated":true}]}}