{"id":11260,"date":"2020-02-22T10:38:12","date_gmt":"2020-02-22T09:38:12","guid":{"rendered":"https:\/\/dorfgemeinschaft-stetten.de\/?p=11260"},"modified":"2020-02-22T10:46:45","modified_gmt":"2020-02-22T09:46:45","slug":"einladung-zur-generalversammlung","status":"publish","type":"post","link":"https:\/\/dorfgemeinschaft-stetten.de\/?p=11260","title":{"rendered":"Einladung zur Generalversammlung"},"content":{"rendered":"<p>Hallo Dorfgemeinschaft,<br \/>\nauch dieses Jahr gibt es wieder eine Generalversammlung der Dorfgemeinschaft Stetten e.V. Die Generalversammlung findet am Montag, den 23.03.2020 im Dorfhaus Stetten, um 20 Uhr statt. Die offizielle Einladung inkl. Tagesordnung findet Ihr im Anhang.<br \/>\nZudem haben wir dieses Jahr Neuwahlen. Nicht mehr zur Wahl aufstellen lassen sich aus der Vorstandschaft Robin Hack, Bernhard Morath und Felix Spitznagel. An dieser Stelle bereits vielen Dank f\u00fcr eure Dienste.<br \/>\nFalls du Interesse hast in der Vorstandschaft mitzuwirken, dann Informiere dich doch bei mir oder einem anderen Vorstandsmitglied. Die Posten als Kassier, Beisitzer und Getr\u00e4nkewart sind noch offen. Nat\u00fcrlich kannst du dich auch gerne \u00fcber ein weiteres Amt informieren da wir sehr flexibel sind und am Schluss die Wahl entscheidet. Aber keine Angst, die Jobs in der Vorstandschaft sind sehr \u00fcberschaubar. \u00dcber ein Gespr\u00e4ch mit dir w\u00fcrde ich mich freuen.<br \/>\nLiebe Gr\u00fc\u00dfe Alexander Hupfer 1. Vorsitzender<\/p>\n<div class=\"postie-attachments\"><a href=\"https:\/\/dorfgemeinschaft-stetten.de\/wp-content\/uploads\/2020\/02\/DG-Stetten-GV-EinladungTagesordnung-2020.pdf\"><img src='https:\/\/dorfgemeinschaft-stetten.de\/wp-content\/plugins\/postie\/icons\/silver\/pdf-32.png' alt='pdf icon' \/> DG-Stetten-GV-EinladungTagesordnung-2020.pdf<\/a><\/div>\n","protected":false},"excerpt":{"rendered":"<p>Hallo Dorfgemeinschaft, auch dieses Jahr gibt es wieder eine Generalversammlung der Dorfgemeinschaft Stetten e.V. Die Generalversammlung findet am Montag, den 23.03.2020 im Dorfhaus Stetten, um 20 Uhr statt. Die offizielle Einladung inkl. Tagesordnung findet Ihr im Anhang. Zudem haben wir dieses Jahr Neuwahlen. Nicht mehr zur Wahl aufstellen lassen sich aus der Vorstandschaft Robin Hack,&hellip;<\/p>\n","protected":false},"author":14,"featured_media":0,"comment_status":"open","ping_status":"open","sticky":false,"template":"","format":"standard","meta":{"footnotes":""},"categories":[1],"tags":[],"acf":[],"_links":{"self":[{"href":"https:\/\/dorfgemeinschaft-stetten.de\/index.php?rest_route=\/wp\/v2\/posts\/11260"}],"collection":[{"href":"https:\/\/dorfgemeinschaft-stetten.de\/index.php?rest_route=\/wp\/v2\/posts"}],"about":[{"href":"https:\/\/dorfgemeinschaft-stetten.de\/index.php?rest_route=\/wp\/v2\/types\/post"}],"author":[{"embeddable":true,"href":"https:\/\/dorfgemeinschaft-stetten.de\/index.php?rest_route=\/wp\/v2\/users\/14"}],"replies":[{"embeddable":true,"href":"https:\/\/dorfgemeinschaft-stetten.de\/index.php?rest_route=%2Fwp%2Fv2%2Fcomments&post=11260"}],"version-history":[{"count":0,"href":"https:\/\/dorfgemeinschaft-stetten.de\/index.php?rest_route=\/wp\/v2\/posts\/11260\/revisions"}],"wp:attachment":[{"href":"https:\/\/dorfgemeinschaft-stetten.de\/index.php?rest_route=%2Fwp%2Fv2%2Fmedia&parent=11260"}],"wp:term":[{"taxonomy":"category","embeddable":true,"href":"https:\/\/dorfgemeinschaft-stetten.de\/index.php?rest_route=%2Fwp%2Fv2%2Fcategories&post=11260"},{"taxonomy":"post_tag","embeddable":true,"href":"https:\/\/dorfgemeinschaft-stetten.de\/index.php?rest_route=%2Fwp%2Fv2%2Ftags&post=11260"}],"curies":[{"name":"wp","href":"https:\/\/api.w.org\/{rel}","templated":true}]}}