{"id":12083,"date":"2024-01-02T13:52:43","date_gmt":"2024-01-02T12:52:43","guid":{"rendered":"https:\/\/dorfgemeinschaft-stetten.de\/?p=12083"},"modified":"2024-01-02T13:53:46","modified_gmt":"2024-01-02T12:53:46","slug":"einweihung-neues-buergerhaus-stetten","status":"publish","type":"post","link":"https:\/\/dorfgemeinschaft-stetten.de\/?p=12083","title":{"rendered":"Einweihung neues B\u00fcrgerhaus Stetten"},"content":{"rendered":"\n<figure class=\"wp-block-image is-resized\"><img loading=\"lazy\" decoding=\"async\" src=\"https:\/\/dorfgemeinschaft-stetten.de\/wp-content\/uploads\/2024\/01\/Einladung_Wiener-1030x1030.png\" alt=\"\" class=\"wp-image-12084\" width=\"515\" height=\"515\" srcset=\"https:\/\/dorfgemeinschaft-stetten.de\/wp-content\/uploads\/2024\/01\/Einladung_Wiener-1030x1030.png 1030w, https:\/\/dorfgemeinschaft-stetten.de\/wp-content\/uploads\/2024\/01\/Einladung_Wiener-80x80.png 80w, https:\/\/dorfgemeinschaft-stetten.de\/wp-content\/uploads\/2024\/01\/Einladung_Wiener-300x300.png 300w, https:\/\/dorfgemeinschaft-stetten.de\/wp-content\/uploads\/2024\/01\/Einladung_Wiener-768x767.png 768w, https:\/\/dorfgemeinschaft-stetten.de\/wp-content\/uploads\/2024\/01\/Einladung_Wiener.png 1170w\" sizes=\"(max-width: 515px) 100vw, 515px\" \/><\/figure>\n\n\n\n<figure class=\"wp-block-image\"><img decoding=\"async\" src=\"https:\/\/static.xx.fbcdn.net\/images\/emoji.php\/v9\/t2b\/2\/16\/1f389.png\" alt=\"\ud83c\udf89\"\/><\/figure>\n\n\n\n<p> Feierliche Er\u00f6ffnung unseres neuen B\u00fcrgerhauses am 7. Januar 2024! <\/p>\n\n\n\n<p>Liebe B\u00fcrgerinnen und B\u00fcrger, ich freue mich, Sie zur feierlichen Er\u00f6ffnung unseres neuen B\u00fcrgerhauses einzuladen!<\/p>\n\n\n\n<p> Um 11 Uhr starten wir mit einer offiziellen Einweihungsfeier f\u00fcr geladene G\u00e4ste aus Politik, Wirtschaft und Gesellschaft. Gemeinsam werden wir den Beginn dieses aufregenden Kapitels feiern und das B\u00fcrgerhaus als weiteres Schmuckst\u00fcck unserer Gemeinschaft einweihen.<\/p>\n\n\n\n<p> <strong>Um 14 Uhr \u00f6ffnen sich dann die T\u00fcren f\u00fcr alle Interessierten! <\/strong><\/p>\n\n\n\n<p> Kommen Sie vorbei, erkunden Sie die R\u00e4umlichkeiten und genie\u00dfen Sie gem\u00fctliche Stunden bei Kaffee und Kuchen. Dieser Tag geh\u00f6rt uns allen \u2013 lasst uns gemeinsam das neue B\u00fcrgerhaus als Ort der Begegnung und des Miteinanders willkommen hei\u00dfen!Ich freue mich darauf, diesen besonderen Tag mit Ihnen zu teilen. Markieren Sie sich das Datum \u2013 wir sehen uns am 7. Januar! Mit Vorfreude,IhrJ\u00fcrgen Wiener <\/p>\n\n\n\n<p>Quelle: facebook<\/p>\n","protected":false},"excerpt":{"rendered":"<p>Feierliche Er\u00f6ffnung unseres neuen B\u00fcrgerhauses am 7. Januar 2024! Liebe B\u00fcrgerinnen und B\u00fcrger, ich freue mich, Sie zur feierlichen Er\u00f6ffnung unseres neuen B\u00fcrgerhauses einzuladen! Um 11 Uhr starten wir mit einer offiziellen Einweihungsfeier f\u00fcr geladene G\u00e4ste aus Politik, Wirtschaft und Gesellschaft. Gemeinsam werden wir den Beginn dieses aufregenden Kapitels feiern und das B\u00fcrgerhaus als weiteres&hellip;<\/p>\n","protected":false},"author":29,"featured_media":0,"comment_status":"open","ping_status":"open","sticky":false,"template":"","format":"standard","meta":{"footnotes":""},"categories":[1],"tags":[],"acf":[],"_links":{"self":[{"href":"https:\/\/dorfgemeinschaft-stetten.de\/index.php?rest_route=\/wp\/v2\/posts\/12083"}],"collection":[{"href":"https:\/\/dorfgemeinschaft-stetten.de\/index.php?rest_route=\/wp\/v2\/posts"}],"about":[{"href":"https:\/\/dorfgemeinschaft-stetten.de\/index.php?rest_route=\/wp\/v2\/types\/post"}],"author":[{"embeddable":true,"href":"https:\/\/dorfgemeinschaft-stetten.de\/index.php?rest_route=\/wp\/v2\/users\/29"}],"replies":[{"embeddable":true,"href":"https:\/\/dorfgemeinschaft-stetten.de\/index.php?rest_route=%2Fwp%2Fv2%2Fcomments&post=12083"}],"version-history":[{"count":4,"href":"https:\/\/dorfgemeinschaft-stetten.de\/index.php?rest_route=\/wp\/v2\/posts\/12083\/revisions"}],"predecessor-version":[{"id":12312,"href":"https:\/\/dorfgemeinschaft-stetten.de\/index.php?rest_route=\/wp\/v2\/posts\/12083\/revisions\/12312"}],"wp:attachment":[{"href":"https:\/\/dorfgemeinschaft-stetten.de\/index.php?rest_route=%2Fwp%2Fv2%2Fmedia&parent=12083"}],"wp:term":[{"taxonomy":"category","embeddable":true,"href":"https:\/\/dorfgemeinschaft-stetten.de\/index.php?rest_route=%2Fwp%2Fv2%2Fcategories&post=12083"},{"taxonomy":"post_tag","embeddable":true,"href":"https:\/\/dorfgemeinschaft-stetten.de\/index.php?rest_route=%2Fwp%2Fv2%2Ftags&post=12083"}],"curies":[{"name":"wp","href":"https:\/\/api.w.org\/{rel}","templated":true}]}}