{"id":12313,"date":"2024-01-11T08:15:15","date_gmt":"2024-01-11T07:15:15","guid":{"rendered":"https:\/\/dorfgemeinschaft-stetten.de\/?p=12313"},"modified":"2024-03-12T09:52:56","modified_gmt":"2024-03-12T08:52:56","slug":"07-01-2024-einweihung-neues-buergerhaus-stetten","status":"publish","type":"post","link":"https:\/\/dorfgemeinschaft-stetten.de\/?p=12313","title":{"rendered":"07.01.2024 Einweihung neues B\u00fcrgerhaus Stetten"},"content":{"rendered":"<p>&nbsp;<\/p>\n<article class=\"cXenseParse\">\n<section class=\"row article-content\">\n<div class=\"col-12 col-md-8 col-xl-6 push-xl-0 article-text \">\n<div class=\"article-jsonld\">\n<section class=\"row fullscreen-img\">\n<div class=\"col-12\">\n<header class=\"col-12 no-pad article-img-text \">\n<p class=\"article-location\">HOHENTENGEN\u00a0<time datetime=\"2024-01-09T14:06:10Z\">09. Januar 2024, 15:06 Uhr<\/time><\/p>\n<h1>Weiteres Schmuckst\u00fcck am Hochrhein<\/h1>\n<div class=\"article-summary \">\n<ul>\n<li>Neues B\u00fcrgerhaus<br \/>\nin Stetten ist er\u00f6ffnet<\/li>\n<li>Redner bedanken sich f\u00fcr die gute Zusammenarbeit<\/li>\n<\/ul>\n<\/div>\n<\/header>\n<figure class=\"vw-100 vw-xl-100 col-xl-8 no-pad fcmscss-scaler-shift-644x362\"><a href=\"https:\/\/www.suedkurier.de\/storage\/image\/0\/9\/0\/5\/14055090_shift-1240x0_1BDlcR_HgEk1l.jpg\" data-fancybox=\"gallery\" data-caption=\"Alexander Hupfer, Gerhard und Matthias Bachmann, J\u00fcrgen Wiener und Niklas N\u00fcssle (von links) vor dem B\u00fcrgerhaus. \"><picture><img loading=\"lazy\" decoding=\"async\" class=\"alignleft\" title=\"\" src=\"https:\/\/www.suedkurier.de\/storage\/image\/0\/9\/0\/5\/14055090_shift-644x362_1BDlcR_YcF5Dz.jpg\" alt=\"Alexander Hupfer, Gerhard und Matthias Bachmann, J\u00fcrgen Wiener und Niklas N\u00fcssle (von links) vor dem B\u00fcrgerhaus.\" width=\"644\" height=\"362\" \/><\/picture><\/a><\/figure>\n<div class=\"col-12 article-figcaption col-xl-4 \">Alexander Hupfer, Gerhard und Matthias Bachmann, J\u00fcrgen Wiener und Niklas N\u00fcssle (von links) vor dem B\u00fcrgerhaus.<\/div>\n<\/div>\n<\/section>\n<section class=\"container d-none d-md-block\">\n<div class=\"row\">\n<aside class=\"handshake-box article-metered col-12 col-xl-8 permission-online-ip-d-none\"><\/aside>\n<\/div>\n<\/section>\n<p>Hohentengen \u2013 Das neue B\u00fcrgerhaus im Hohentengener Ortsteil Stetten ist eingeweiht worden. Die Feier begann mit einer gef\u00fchlvollen Saxophon-Interpretation von Johann Pachelbels \u201eCanon in C-Dur\u201c, gespielt vom Waldshuter Musiker Franciszek Jaschonek. Das helle, ger\u00e4umige und gro\u00dfz\u00fcgige Geb\u00e4ude wurde um 11 Uhr mit geladenen G\u00e4sten er\u00f6ffnet. Ab 14 Uhr waren dann die Stettener zu Kaffee und Kuchen eingeladen. Das Programm des Vormittags bestand aus Reden der Beteiligten und Musikbeitr\u00e4gen. Dadurch war die Veranstaltung sowohl feierlich als auch kurzweilig. Zun\u00e4chst bedankte sich B\u00fcrgermeister J\u00fcrgen Wiener an diesem \u201ebedeutenden Tag f\u00fcr Stetten\u201c bei den Unterst\u00fctzern.<\/p>\n<div class=\"regiofenster\"><\/div>\n<p>Dabei betonte er das Engagement der Gemeinder\u00e4te, seines Vorg\u00e4ngers Altb\u00fcrgermeister Martin Benz, der Dorfgemeinschaft Stetten und der beteiligten Handwerker. Wiener bedankte sich auch beim Planungsb\u00fcro Bachmann f\u00fcr die gute Zusammenarbeit, bei Hannelore Raufer von der Kommunalaufsicht des Landratsamts und beim Gr\u00fcnen-Landtagsabgeordneten Niklas N\u00fcssle f\u00fcr die Unterst\u00fctzung bei wichtigen F\u00f6rderantr\u00e4gen. \u201eEs liegt an der Bev\u00f6lkerung, dieses Haus zu ihrem Haus zu machen\u201c, schloss Wiener.<\/p>\n<p>Nach einem weiteren Musikst\u00fcck sprach Gerhard Bachmann vom Planungsb\u00fcro Bachmann. Er bedankte sich bei den Handwerkern und der Dorfgemeinschaft und \u00fcbergab symbolisch den Schl\u00fcssel in gebackener Form an B\u00fcrgermeister J\u00fcrgen Wiener. Auch Gerhard Bachmann betonte die konstruktive Zusammenarbeit, insbesondere mit den Bewohnern des Dorfs. \u201eWas mit einer Wunschliste in der B\u00fcrgerversammlung der Bewohner von Stetten im Januar 2018 begann, steht heute vor Ihnen und es kann mit Recht gesagt werden, dass es ein tolles Geb\u00e4ude geworden ist.\u201c<\/p>\n<p>Nach einem Yann-Tiersen-St\u00fcck, das nicht wie gewohnt am Klavier, sondern mit dem Saxophon gespielt wurde, trat Alexander Hupfer an das Rednerpult. Auch er betonte die gute Zusammenarbeit mit allen Verantwortlichen. Vorschl\u00e4ge seien bestm\u00f6glich umgesetzt worden. Die Dorfgemeinschaft organisiert nun die Pflege des B\u00fcrgerhauses. Die Familien Kolbe und Krivanek bilden das Hausmeisterteam. Das B\u00fcrgerhaus kann ab sofort im Internet unter dorfgemeinschaft-stetten.de gebucht werden. Bei der Segnung des B\u00fcrgerhauses durch Dekan Wolfgang Spitznagel erhielt Hupfer die Aufgabe, den Sternsingersegen \u00fcber die Eingangst\u00fcr zu kleben.<\/p>\n<p>Zuletzt trat Niklas N\u00fcssle ans Rednerpult. Mit Blick auf die anschlie\u00dfende Segnung erkl\u00e4rte er augenzwinkernd, sich nun lieber kurzfassen zu wollen, damit nicht noch im letzten Moment etwas passiere. Er bedankte sich bei allen Beteiligten f\u00fcr die Zusammenarbeit und freute sich, dass die F\u00f6rderungen aus dem \u201eEntwicklungsprogramm l\u00e4ndlicher Raum\u201c hier sinnvoll angewendet worden seien. N\u00fcssle stellte fest, dass Baden-W\u00fcrttemberg und insbesondere die Region am Hochrhein durch lebendige Ortschaften, vielf\u00e4ltige D\u00f6rfer, einen starken l\u00e4ndlichen Raum und ausgepr\u00e4gtes ehrenamtliches Engagement gekennzeichnet sind. Daher sei das Geld des F\u00f6rderprogramms hier perfekt eingesetzt.<\/p>\n<p>Bevor die geladenen G\u00e4ste sich dem Ap\u00e9ro widmeten, sprach Dekan Wolfgang Spitznagel einige Worte. Danach segnete er mit B\u00fcrgermeister Wiener, Alexander Hupfer und Gemeinderat Christian Hupfer das Geb\u00e4ude. Er stellte fest, dass das sch\u00f6nste Dorf am Hochrhein um ein Schmuckst\u00fcck reicher geworden sei. Dieses B\u00fcrgerhaus soll ein Ort der Begegnung sein. In der Gemeinschaft erfahre der Mensch die Hilfe, sein eigenes Potenzial zu leben. Die Freude der Anwohner bei der Nutzung des Hauses sei ein Ausdruck der Dankbarkeit f\u00fcr all die investierte Arbeit.<\/p>\n<div class=\"article-text-info article-module\">\n<h5>Quelle: S\u00fcdkurier<\/h5>\n<\/div>\n<\/div>\n<\/div>\n<\/section>\n<\/article>\n","protected":false},"excerpt":{"rendered":"<p>&nbsp; HOHENTENGEN\u00a009. Januar 2024, 15:06 Uhr Weiteres Schmuckst\u00fcck am Hochrhein Neues B\u00fcrgerhaus in Stetten ist er\u00f6ffnet Redner bedanken sich f\u00fcr die gute Zusammenarbeit Alexander Hupfer, Gerhard und Matthias Bachmann, J\u00fcrgen Wiener und Niklas N\u00fcssle (von links) vor dem B\u00fcrgerhaus. Hohentengen \u2013 Das neue B\u00fcrgerhaus im Hohentengener Ortsteil Stetten ist eingeweiht worden. Die Feier begann mit&hellip;<\/p>\n","protected":false},"author":29,"featured_media":12287,"comment_status":"open","ping_status":"open","sticky":false,"template":"","format":"standard","meta":{"footnotes":""},"categories":[1],"tags":[],"acf":[],"_links":{"self":[{"href":"https:\/\/dorfgemeinschaft-stetten.de\/index.php?rest_route=\/wp\/v2\/posts\/12313"}],"collection":[{"href":"https:\/\/dorfgemeinschaft-stetten.de\/index.php?rest_route=\/wp\/v2\/posts"}],"about":[{"href":"https:\/\/dorfgemeinschaft-stetten.de\/index.php?rest_route=\/wp\/v2\/types\/post"}],"author":[{"embeddable":true,"href":"https:\/\/dorfgemeinschaft-stetten.de\/index.php?rest_route=\/wp\/v2\/users\/29"}],"replies":[{"embeddable":true,"href":"https:\/\/dorfgemeinschaft-stetten.de\/index.php?rest_route=%2Fwp%2Fv2%2Fcomments&post=12313"}],"version-history":[{"count":4,"href":"https:\/\/dorfgemeinschaft-stetten.de\/index.php?rest_route=\/wp\/v2\/posts\/12313\/revisions"}],"predecessor-version":[{"id":12347,"href":"https:\/\/dorfgemeinschaft-stetten.de\/index.php?rest_route=\/wp\/v2\/posts\/12313\/revisions\/12347"}],"wp:featuredmedia":[{"embeddable":true,"href":"https:\/\/dorfgemeinschaft-stetten.de\/index.php?rest_route=\/wp\/v2\/media\/12287"}],"wp:attachment":[{"href":"https:\/\/dorfgemeinschaft-stetten.de\/index.php?rest_route=%2Fwp%2Fv2%2Fmedia&parent=12313"}],"wp:term":[{"taxonomy":"category","embeddable":true,"href":"https:\/\/dorfgemeinschaft-stetten.de\/index.php?rest_route=%2Fwp%2Fv2%2Fcategories&post=12313"},{"taxonomy":"post_tag","embeddable":true,"href":"https:\/\/dorfgemeinschaft-stetten.de\/index.php?rest_route=%2Fwp%2Fv2%2Ftags&post=12313"}],"curies":[{"name":"wp","href":"https:\/\/api.w.org\/{rel}","templated":true}]}}