{"id":8206,"date":"2019-02-26T20:34:50","date_gmt":"2019-02-26T19:34:50","guid":{"rendered":"https:\/\/dorfgemeinschaft-stetten.de\/?p=8206"},"modified":"2019-02-26T20:35:02","modified_gmt":"2019-02-26T19:35:02","slug":"einladung-zum-fasnachtsfuer-2019","status":"publish","type":"post","link":"https:\/\/dorfgemeinschaft-stetten.de\/?p=8206","title":{"rendered":"Einladung zum Fasnachtsf\u00fcr 2019"},"content":{"rendered":"<p>Die G\u00fcnzgener und Stettener Jungend l\u00e4dt zum Fasnachtsf\u00fcr am Samstag, 9.3.2019 um 18.30 Uhr zwischen G\u00fcnzgen und dem Grundbach ein. Siehe beiliegendes Bild !<\/p>\n<div class=\"postie-attachments\"><a href=\"https:\/\/dorfgemeinschaft-stetten.de\/?attachment_id=8207\"><img decoding=\"async\" src=\"https:\/\/dorfgemeinschaft-stetten.de\/wp-content\/uploads\/2019\/02\/image001.png\" alt=\"\" width=\"300px\" height=\"189px\" class=\"alignnone size-medium wp-image-8207\" \/><\/a><\/div>\n","protected":false},"excerpt":{"rendered":"<p>Die G\u00fcnzgener und Stettener Jungend l\u00e4dt zum Fasnachtsf\u00fcr am Samstag, 9.3.2019 um 18.30 Uhr zwischen G\u00fcnzgen und dem Grundbach ein. Siehe beiliegendes Bild !<\/p>\n","protected":false},"author":14,"featured_media":8207,"comment_status":"open","ping_status":"open","sticky":false,"template":"","format":"standard","meta":{"footnotes":""},"categories":[1],"tags":[],"acf":[],"_links":{"self":[{"href":"https:\/\/dorfgemeinschaft-stetten.de\/index.php?rest_route=\/wp\/v2\/posts\/8206"}],"collection":[{"href":"https:\/\/dorfgemeinschaft-stetten.de\/index.php?rest_route=\/wp\/v2\/posts"}],"about":[{"href":"https:\/\/dorfgemeinschaft-stetten.de\/index.php?rest_route=\/wp\/v2\/types\/post"}],"author":[{"embeddable":true,"href":"https:\/\/dorfgemeinschaft-stetten.de\/index.php?rest_route=\/wp\/v2\/users\/14"}],"replies":[{"embeddable":true,"href":"https:\/\/dorfgemeinschaft-stetten.de\/index.php?rest_route=%2Fwp%2Fv2%2Fcomments&post=8206"}],"version-history":[{"count":0,"href":"https:\/\/dorfgemeinschaft-stetten.de\/index.php?rest_route=\/wp\/v2\/posts\/8206\/revisions"}],"wp:featuredmedia":[{"embeddable":true,"href":"https:\/\/dorfgemeinschaft-stetten.de\/index.php?rest_route=\/wp\/v2\/media\/8207"}],"wp:attachment":[{"href":"https:\/\/dorfgemeinschaft-stetten.de\/index.php?rest_route=%2Fwp%2Fv2%2Fmedia&parent=8206"}],"wp:term":[{"taxonomy":"category","embeddable":true,"href":"https:\/\/dorfgemeinschaft-stetten.de\/index.php?rest_route=%2Fwp%2Fv2%2Fcategories&post=8206"},{"taxonomy":"post_tag","embeddable":true,"href":"https:\/\/dorfgemeinschaft-stetten.de\/index.php?rest_route=%2Fwp%2Fv2%2Ftags&post=8206"}],"curies":[{"name":"wp","href":"https:\/\/api.w.org\/{rel}","templated":true}]}}