{"id":8260,"date":"2019-03-15T10:47:12","date_gmt":"2019-03-15T09:47:12","guid":{"rendered":"https:\/\/dorfgemeinschaft-stetten.de\/?p=8260"},"modified":"2019-03-29T10:06:46","modified_gmt":"2019-03-29T09:06:46","slug":"dorfputzete-am-23-3-2019-um-9-uhr-am-dorfhaus","status":"publish","type":"post","link":"https:\/\/dorfgemeinschaft-stetten.de\/?p=8260","title":{"rendered":"Dorfputzete am 23.3.2019 um 9 Uhr am Dorfhaus"},"content":{"rendered":"<p>Hallo zusammen,<\/p>\n<p>ich habe nun auch die offizielle Einladung zur Dorfputzete erhalten.<\/p>\n<p>Treffpunkt ist am Samstag den 23.03.19 um 9 Uhr am Dorfhaus.<\/p>\n<p>Es w\u00e4re sch\u00f6n wenn die meisten dabei sind.<\/p>\n<p>Gru\u00df Alexander Hupfer<\/p>\n<a data-e-Disable-Page-Transition=\"true\" class=\"download-link\" title=\"\n\t\" href=\"https:\/\/dorfgemeinschaft-stetten.de?download=8256&#038;tmstv=1777728703\" rel=\"nofollow\">\n\tDorfputzete 2019\t(986 Downloads)\n<\/a>\n\n","protected":false},"excerpt":{"rendered":"<p>Hallo zusammen, ich habe nun auch die offizielle Einladung zur Dorfputzete erhalten. Treffpunkt ist am Samstag den 23.03.19 um 9 Uhr am Dorfhaus. Es w\u00e4re sch\u00f6n wenn die meisten dabei sind. Gru\u00df Alexander Hupfer<\/p>\n","protected":false},"author":336,"featured_media":8254,"comment_status":"open","ping_status":"open","sticky":false,"template":"","format":"standard","meta":{"footnotes":""},"categories":[1],"tags":[],"acf":[],"_links":{"self":[{"href":"https:\/\/dorfgemeinschaft-stetten.de\/index.php?rest_route=\/wp\/v2\/posts\/8260"}],"collection":[{"href":"https:\/\/dorfgemeinschaft-stetten.de\/index.php?rest_route=\/wp\/v2\/posts"}],"about":[{"href":"https:\/\/dorfgemeinschaft-stetten.de\/index.php?rest_route=\/wp\/v2\/types\/post"}],"author":[{"embeddable":true,"href":"https:\/\/dorfgemeinschaft-stetten.de\/index.php?rest_route=\/wp\/v2\/users\/336"}],"replies":[{"embeddable":true,"href":"https:\/\/dorfgemeinschaft-stetten.de\/index.php?rest_route=%2Fwp%2Fv2%2Fcomments&post=8260"}],"version-history":[{"count":1,"href":"https:\/\/dorfgemeinschaft-stetten.de\/index.php?rest_route=\/wp\/v2\/posts\/8260\/revisions"}],"predecessor-version":[{"id":8261,"href":"https:\/\/dorfgemeinschaft-stetten.de\/index.php?rest_route=\/wp\/v2\/posts\/8260\/revisions\/8261"}],"wp:featuredmedia":[{"embeddable":true,"href":"https:\/\/dorfgemeinschaft-stetten.de\/index.php?rest_route=\/wp\/v2\/media\/8254"}],"wp:attachment":[{"href":"https:\/\/dorfgemeinschaft-stetten.de\/index.php?rest_route=%2Fwp%2Fv2%2Fmedia&parent=8260"}],"wp:term":[{"taxonomy":"category","embeddable":true,"href":"https:\/\/dorfgemeinschaft-stetten.de\/index.php?rest_route=%2Fwp%2Fv2%2Fcategories&post=8260"},{"taxonomy":"post_tag","embeddable":true,"href":"https:\/\/dorfgemeinschaft-stetten.de\/index.php?rest_route=%2Fwp%2Fv2%2Ftags&post=8260"}],"curies":[{"name":"wp","href":"https:\/\/api.w.org\/{rel}","templated":true}]}}