{"id":9329,"date":"2019-04-25T22:21:08","date_gmt":"2019-04-25T20:21:08","guid":{"rendered":"https:\/\/dorfgemeinschaft-stetten.de\/?p=9329"},"modified":"2019-04-25T22:21:27","modified_gmt":"2019-04-25T20:21:27","slug":"1-maiwanderung-treffpunkt-10-uhr-am-dorfhaus","status":"publish","type":"post","link":"https:\/\/dorfgemeinschaft-stetten.de\/?p=9329","title":{"rendered":"1. Maiwanderung Treffpunkt 10 Uhr am Dorfhaus"},"content":{"rendered":"<p>Hallo Dorfgemeinschaft,<br \/>\nwie in unserem Jahresplan bereits vorgemerkt, werden wir auch dieses Jahr wieder am 1 Mai auf Wandertour gehen. Treffpunkt ist um 10Uhr am Dorfhaus. Die Route wird abh\u00e4ngig von den Teilnehmer (Kinder, Kinderwagen oder \u00e4hnliches) vor Ort angepasst. Die letzten Jahre wurde der Maihock auf dem Kaltenwangen, in Berg\u00f6schingen und je nach Ausdauer noch in der Guggenm\u00fchle besucht. Bitte meldet euch \u00fcber unseren Veranstaltungskalender an. Wenn es nicht klappen sollte, d\u00fcrft Ihr aber trotzdem mitkommen.<br \/>\nGru\u00df Alexander \u00a0\u00a0<\/p>\n<div class=\"postie-attachments\"><a href=\"https:\/\/dorfgemeinschaft-stetten.de\/?attachment_id=9330\"><img decoding=\"async\" src=\"https:\/\/dorfgemeinschaft-stetten.de\/wp-content\/uploads\/2019\/04\/Mehrere-Menschen-wandern-mit-gr\u00fcnen-Luftballons20durchs-Feld.jpg\" alt=\"\" width=\"300px\" height=\"169px\" class=\"alignnone size-medium wp-image-9330\" \/><\/a><\/div>\n","protected":false},"excerpt":{"rendered":"<p>Hallo Dorfgemeinschaft, wie in unserem Jahresplan bereits vorgemerkt, werden wir auch dieses Jahr wieder am 1 Mai auf Wandertour gehen. Treffpunkt ist um 10Uhr am Dorfhaus. Die Route wird abh\u00e4ngig von den Teilnehmer (Kinder, Kinderwagen oder \u00e4hnliches) vor Ort angepasst. Die letzten Jahre wurde der Maihock auf dem Kaltenwangen, in Berg\u00f6schingen und je nach Ausdauer&hellip;<\/p>\n","protected":false},"author":14,"featured_media":9330,"comment_status":"open","ping_status":"open","sticky":false,"template":"","format":"standard","meta":{"footnotes":""},"categories":[1],"tags":[],"acf":[],"_links":{"self":[{"href":"https:\/\/dorfgemeinschaft-stetten.de\/index.php?rest_route=\/wp\/v2\/posts\/9329"}],"collection":[{"href":"https:\/\/dorfgemeinschaft-stetten.de\/index.php?rest_route=\/wp\/v2\/posts"}],"about":[{"href":"https:\/\/dorfgemeinschaft-stetten.de\/index.php?rest_route=\/wp\/v2\/types\/post"}],"author":[{"embeddable":true,"href":"https:\/\/dorfgemeinschaft-stetten.de\/index.php?rest_route=\/wp\/v2\/users\/14"}],"replies":[{"embeddable":true,"href":"https:\/\/dorfgemeinschaft-stetten.de\/index.php?rest_route=%2Fwp%2Fv2%2Fcomments&post=9329"}],"version-history":[{"count":0,"href":"https:\/\/dorfgemeinschaft-stetten.de\/index.php?rest_route=\/wp\/v2\/posts\/9329\/revisions"}],"wp:featuredmedia":[{"embeddable":true,"href":"https:\/\/dorfgemeinschaft-stetten.de\/index.php?rest_route=\/wp\/v2\/media\/9330"}],"wp:attachment":[{"href":"https:\/\/dorfgemeinschaft-stetten.de\/index.php?rest_route=%2Fwp%2Fv2%2Fmedia&parent=9329"}],"wp:term":[{"taxonomy":"category","embeddable":true,"href":"https:\/\/dorfgemeinschaft-stetten.de\/index.php?rest_route=%2Fwp%2Fv2%2Fcategories&post=9329"},{"taxonomy":"post_tag","embeddable":true,"href":"https:\/\/dorfgemeinschaft-stetten.de\/index.php?rest_route=%2Fwp%2Fv2%2Ftags&post=9329"}],"curies":[{"name":"wp","href":"https:\/\/api.w.org\/{rel}","templated":true}]}}